{"id":48504,"date":"2026-04-24T08:00:00","date_gmt":"2026-04-24T06:00:00","guid":{"rendered":"https:\/\/www.stille.se\/se\/mfn_news\/stille-ab-publ-redovisar-idag-rapporten-for-det-forsta-kvartalet-2026\/"},"modified":"2026-04-24T08:00:00","modified_gmt":"2026-04-24T06:00:00","slug":"stille-ab-publ-redovisar-idag-rapporten-for-det-forsta-kvartalet-2026","status":"publish","type":"mfn_news","link":"https:\/\/www.stille.se\/se\/nyheter\/stille-ab-publ-redovisar-idag-rapporten-for-det-forsta-kvartalet-2026\/","title":{"rendered":"Stille AB (publ) redovisar idag rapporten f\u00f6r det f\u00f6rsta kvartalet 2026."},"content":{"rendered":"<div class=\"mfn-preamble\">\n<p><strong>Nettooms\u00e4ttningen uppgick till 179,1 MSEK (129,3), vilket motsvarar en organisk tillv\u00e4xt om 18,6 procent (26,9 procent justerat f\u00f6r valutaomr\u00e4kningseffekter) och en total tillv\u00e4xt om 38,5 procent (46,9 procent justerat f\u00f6r valutaomr\u00e4kningseffekter).<\/strong><\/p>\n<\/div>\n<div class=\"mfn-body\">\n<p><em>\u201dJag \u00e4r mycket n\u00f6jd med inledningen p\u00e5 2026 och v\u00e5r starka tillv\u00e4xt av s\u00e5v\u00e4l int\u00e4kter som l\u00f6nsamhet,<\/em> s\u00e4ger Ulrik Berthelsen.<em> Vi ser en fortsatt stark efterfr\u00e5gan p\u00e5 v\u00e5ra produkter samtidigt som vi f\u00f6rb\u00e4ttrar produkttillg\u00e4ngligheten.\u201d<\/em><\/p>\n<p>Bruttomarginalen uppgick till 49,1 procent (51,1) och EBITDA f\u00f6re poster av eng\u00e5ngskarakt\u00e4r till 38,5 MSEK (25,2).<\/p>\n<p><em>\u201dMed en st\u00e4rkt gruppstruktur och kassa st\u00e5r vi v\u00e4l positionerade att forts\u00e4tta ut\u00f6ka Stille-gruppen genom selektiva f\u00f6rv\u00e4rv. Vi ser med tillf\u00f6rsikt fram emot resten av 2026 och att vidareutveckla Stille-gruppen\u201d,\u00a0<\/em>avslutar Stilles VD.<\/p>\n<table style=\"width: 100%;border-collapse: collapse;margin-bottom: 1em;margin-top: 1em\">\n<tbody>\n<tr>\n<td colspan=\"1\" rowspan=\"1\" valign=\"middle\">MSEK<\/td>\n<td align=\"right\" colspan=\"1\" rowspan=\"1\" valign=\"middle\">JAN\u2013MAR<br \/>2026<\/td>\n<td align=\"right\" colspan=\"1\" rowspan=\"1\" valign=\"middle\">JAN\u2013MAR<br \/>2025<\/td>\n<td align=\"right\" colspan=\"1\" rowspan=\"1\" valign=\"middle\">APR\u2013MAR<br \/>2025\/2026<\/td>\n<td align=\"right\" colspan=\"1\" rowspan=\"1\" valign=\"middle\">JAN\u2013DEC<br \/>2025<\/td>\n<\/tr>\n<tr>\n<td colspan=\"1\" rowspan=\"1\" valign=\"middle\">Nettooms\u00e4ttning<\/td>\n<td align=\"right\" colspan=\"1\" rowspan=\"1\" valign=\"middle\">179,1<\/td>\n<td align=\"right\" colspan=\"1\" rowspan=\"1\" valign=\"middle\">129,3<\/td>\n<td align=\"right\" colspan=\"1\" rowspan=\"1\" valign=\"middle\">617,4<\/td>\n<td align=\"right\" colspan=\"1\" rowspan=\"1\" valign=\"middle\">567,6<\/td>\n<\/tr>\n<tr>\n<td colspan=\"1\" rowspan=\"1\" valign=\"middle\">Bruttovinst, %<\/td>\n<td align=\"right\" colspan=\"1\" rowspan=\"1\" valign=\"middle\">49,1<\/td>\n<td align=\"right\" colspan=\"1\" rowspan=\"1\" valign=\"middle\">51,1<\/td>\n<td align=\"right\" colspan=\"1\" rowspan=\"1\" valign=\"middle\">48,7<\/td>\n<td align=\"right\" colspan=\"1\" rowspan=\"1\" valign=\"middle\">50,7<\/td>\n<\/tr>\n<tr>\n<td colspan=\"1\" rowspan=\"1\" valign=\"middle\">EBITDA f\u00f6re poster av eng\u00e5ngskarakt\u00e4r<\/td>\n<td align=\"right\" colspan=\"1\" rowspan=\"1\" valign=\"middle\">38,5<\/td>\n<td align=\"right\" colspan=\"1\" rowspan=\"1\" valign=\"middle\">25,2<\/td>\n<td align=\"right\" colspan=\"1\" rowspan=\"1\" valign=\"middle\">127,1<\/td>\n<td align=\"right\" colspan=\"1\" rowspan=\"1\" valign=\"middle\">113,8<\/td>\n<\/tr>\n<tr>\n<td colspan=\"1\" rowspan=\"1\" valign=\"middle\">EBITDA f\u00f6re poster av eng\u00e5ngskarakt\u00e4r, %<\/td>\n<td align=\"right\" colspan=\"1\" rowspan=\"1\" valign=\"middle\">21,5<\/td>\n<td align=\"right\" colspan=\"1\" rowspan=\"1\" valign=\"middle\">19,5<\/td>\n<td align=\"right\" colspan=\"1\" rowspan=\"1\" valign=\"middle\">20,6<\/td>\n<td align=\"right\" colspan=\"1\" rowspan=\"1\" valign=\"middle\">20,0<\/td>\n<\/tr>\n<tr>\n<td colspan=\"1\" rowspan=\"1\" valign=\"middle\">EBITDA<\/td>\n<td align=\"right\" colspan=\"1\" rowspan=\"1\" valign=\"middle\">38,5<\/td>\n<td align=\"right\" colspan=\"1\" rowspan=\"1\" valign=\"middle\">25,2<\/td>\n<td align=\"right\" colspan=\"1\" rowspan=\"1\" valign=\"middle\">120,0<\/td>\n<td align=\"right\" colspan=\"1\" rowspan=\"1\" valign=\"middle\">106,7<\/td>\n<\/tr>\n<tr>\n<td colspan=\"1\" rowspan=\"1\" valign=\"middle\">EBITDA, %<\/td>\n<td align=\"right\" colspan=\"1\" rowspan=\"1\" valign=\"middle\">21,5<\/td>\n<td align=\"right\" colspan=\"1\" rowspan=\"1\" valign=\"middle\">19,5<\/td>\n<td align=\"right\" colspan=\"1\" rowspan=\"1\" valign=\"middle\">19,4<\/td>\n<td align=\"right\" colspan=\"1\" rowspan=\"1\" valign=\"middle\">18,8<\/td>\n<\/tr>\n<tr>\n<td colspan=\"1\" rowspan=\"1\" valign=\"middle\">EBIT f\u00f6re poster av eng\u00e5ngskarakt\u00e4r<\/td>\n<td align=\"right\" colspan=\"1\" rowspan=\"1\" valign=\"middle\">30,0<\/td>\n<td align=\"right\" colspan=\"1\" rowspan=\"1\" valign=\"middle\">17,9<\/td>\n<td align=\"right\" colspan=\"1\" rowspan=\"1\" valign=\"middle\">92,4<\/td>\n<td align=\"right\" colspan=\"1\" rowspan=\"1\" valign=\"middle\">80,3<\/td>\n<\/tr>\n<tr>\n<td colspan=\"1\" rowspan=\"1\" valign=\"middle\">EBIT f\u00f6re poster av eng\u00e5ngskarakt\u00e4r, %<\/td>\n<td align=\"right\" colspan=\"1\" rowspan=\"1\" valign=\"middle\">16,7<\/td>\n<td align=\"right\" colspan=\"1\" rowspan=\"1\" valign=\"middle\">13,8<\/td>\n<td align=\"right\" colspan=\"1\" rowspan=\"1\" valign=\"middle\">15,0<\/td>\n<td align=\"right\" colspan=\"1\" rowspan=\"1\" valign=\"middle\">14,2<\/td>\n<\/tr>\n<tr>\n<td colspan=\"1\" rowspan=\"1\" valign=\"middle\">EBIT<\/td>\n<td align=\"right\" colspan=\"1\" rowspan=\"1\" valign=\"middle\">30,0<\/td>\n<td align=\"right\" colspan=\"1\" rowspan=\"1\" valign=\"middle\">17,9<\/td>\n<td align=\"right\" colspan=\"1\" rowspan=\"1\" valign=\"middle\">85,3<\/td>\n<td align=\"right\" colspan=\"1\" rowspan=\"1\" valign=\"middle\">73,2<\/td>\n<\/tr>\n<tr>\n<td colspan=\"1\" rowspan=\"1\" valign=\"middle\">EBIT, %<\/td>\n<td align=\"right\" colspan=\"1\" rowspan=\"1\" valign=\"middle\">16,7<\/td>\n<td align=\"right\" colspan=\"1\" rowspan=\"1\" valign=\"middle\">13,8<\/td>\n<td align=\"right\" colspan=\"1\" rowspan=\"1\" valign=\"middle\">13,8<\/td>\n<td align=\"right\" colspan=\"1\" rowspan=\"1\" valign=\"middle\">12,9<\/td>\n<\/tr>\n<\/tbody>\n<\/table>\n<\/div>\n<div class=\"mfn-footer mfn-regulatory mfn-regulatory-mar\">\n<p><em>Denna information \u00e4r s\u00e5dan information som Stille \u00e4r skyldigt att offentligg\u00f6ra enligt EU:s marknadsmissbruksf\u00f6rordning. Informationen l\u00e4mnades, genom ovanst\u00e5ende kontaktpersoners f\u00f6rsorg, f\u00f6r offentligg\u00f6rande den 2026-04-24 08:00 CEST.<\/em><\/p>\n<\/div>\n<div class=\"mfn-footer mfn-contacts mfn-34b59affcec6\">\n<p><strong class=\"mfn-heading-1\">Kontaktuppgifter<\/strong><br \/><strong>Ulrik Berthelsen<\/strong><br \/>VD och koncernchef<br \/>+46 (0)73 033 38 25 | ulrik.berthelsen@stille.se<\/p>\n<\/div>\n<div class=\"mfn-footer mfn-about mfn-f5bce08a94d8\">\n<p><strong class=\"mfn-heading-1\">Om oss<\/strong><br \/><strong>Stille AB (publ) \u00e4r ett v\u00e4letablerat bolag inom utveckling, tillverkning och distribution<\/strong> av kirurgiska instrument och avancerade operationsbord i premiumsegmentet, med ett differentierat erbjudande inom snabbt v\u00e4xande nischmarknader f\u00f6r procedurer d\u00e4r kvalitet och h\u00f6g precision \u00e4r kritiskt. Stille grundades 1841 och \u00e4r noterad p\u00e5 Nasdaq First North Growth Market under tickern &#034;STIL&#034; med Eminova AB som Certified Adviser, Eminova Fondkommission AB, +46 8 684 211 10, adviser@eminova.se. Mer information finns p\u00e5 www.stille.se.<\/p>\n<\/div>\n<div class=\"mfn-footer mfn-attachment mfn-attachment-general\">\n<p><strong class=\"mfn-heading-1\">Bifogade filer<\/strong><br \/><a class=\"mfn-primary\" href=\"https:\/\/storage.mfn.se\/748cd6dc-7457-4be9-acd2-7a15f716ebd3\/delarsrapport-stille-q1-2026.pdf\" rel=\"noopener\" target=\"_blank\">Del\u00e5rsrapport Stille Q1 2026<\/a><\/p>\n<\/div>\n<script>\n                Array.prototype.slice.call(document.querySelectorAll(\".mfn-footer.mfn-attachment\")).forEach(function (el) { el.remove() });\n            <\/script>\n        <div class=\"mfn-attachments-container\"><div class=\"mfn-attachment\"><a class=\"mfn-attachment-link\" href=\"https:\/\/storage.mfn.se\/748cd6dc-7457-4be9-acd2-7a15f716ebd3\/delarsrapport-stille-q1-2026.pdf\"><span class=\"mfn-attachment-icon\"><img src=\"https:\/\/storage.mfn.se\/748cd6dc-7457-4be9-acd2-7a15f716ebd3\/delarsrapport-stille-q1-2026.pdf?type=jpg\"><\/span>Del\u00e5rsrapport Stille Q1 2026<\/a><\/div><\/div>","protected":false},"excerpt":{"rendered":"<p>Nettooms\u00e4ttningen uppgick till 179,1 MSEK (129,3), vilket motsvarar en organisk tillv\u00e4xt om 18,6 procent (26,9 procent justerat f\u00f6r valutaomr\u00e4kningseffekter) och en total tillv\u00e4xt om 38,5 procent (46,9 procent justerat f\u00f6r valutaomr\u00e4kningseffekter). \u201dJag \u00e4r mycket n\u00f6jd med inledningen p\u00e5 2026 och v\u00e5r starka tillv\u00e4xt av s\u00e5v\u00e4l int\u00e4kter som l\u00f6nsamhet, s\u00e4ger Ulrik Berthelsen. Vi ser en fortsatt&#8230;<\/p>\n","protected":false},"template":"","acf":[],"yoast_head":"<!-- This site is optimized with the Yoast SEO plugin v17.9 - https:\/\/yoast.com\/wordpress\/plugins\/seo\/ -->\n<title>Stille AB (publ) redovisar idag rapporten f\u00f6r det f\u00f6rsta kvartalet 2026. - STILLE<\/title>\n<meta name=\"robots\" content=\"index, follow, max-snippet:-1, max-image-preview:large, max-video-preview:-1\" \/>\n<link rel=\"canonical\" href=\"https:\/\/www.stille.se\/se\/mfn_news\/stille-ab-publ-redovisar-idag-rapporten-for-det-forsta-kvartalet-2026\/\" \/>\n<meta property=\"og:locale\" content=\"sv_SE\" \/>\n<meta property=\"og:type\" content=\"article\" \/>\n<meta property=\"og:title\" content=\"Stille AB (publ) redovisar idag rapporten f\u00f6r det f\u00f6rsta kvartalet 2026. - STILLE\" \/>\n<meta property=\"og:description\" content=\"Nettooms\u00e4ttningen uppgick till 179,1 MSEK (129,3), vilket motsvarar en organisk tillv\u00e4xt om 18,6 procent (26,9 procent justerat f\u00f6r valutaomr\u00e4kningseffekter) och en total tillv\u00e4xt om 38,5 procent (46,9 procent justerat f\u00f6r valutaomr\u00e4kningseffekter). \u201dJag \u00e4r mycket n\u00f6jd med inledningen p\u00e5 2026 och v\u00e5r starka tillv\u00e4xt av s\u00e5v\u00e4l int\u00e4kter som l\u00f6nsamhet, s\u00e4ger Ulrik Berthelsen. Vi ser en fortsatt...\" \/>\n<meta property=\"og:url\" content=\"https:\/\/www.stille.se\/se\/mfn_news\/stille-ab-publ-redovisar-idag-rapporten-for-det-forsta-kvartalet-2026\/\" \/>\n<meta property=\"og:site_name\" content=\"Stille SE\" \/>\n<meta property=\"article:publisher\" content=\"https:\/\/www.facebook.com\/stilleab\/\" \/>\n<meta property=\"og:image\" content=\"https:\/\/www.stille.se\/se\/wp-content\/uploads\/2019\/12\/stille-logo-800.jpg\" \/>\n\t<meta property=\"og:image:width\" content=\"562\" \/>\n\t<meta property=\"og:image:height\" content=\"314\" \/>\n\t<meta property=\"og:image:type\" content=\"image\/jpeg\" \/>\n<meta name=\"twitter:card\" content=\"summary_large_image\" \/>\n<meta name=\"twitter:label1\" content=\"Ber\u00e4knad l\u00e4stid\" \/>\n\t<meta name=\"twitter:data1\" content=\"2 minuter\" \/>\n<script type=\"application\/ld+json\" class=\"yoast-schema-graph\">{\"@context\":\"https:\/\/schema.org\",\"@graph\":[{\"@type\":\"Organization\",\"@id\":\"https:\/\/www.stille.se\/se\/#organization\",\"name\":\"Stille AB\",\"url\":\"https:\/\/www.stille.se\/se\/\",\"sameAs\":[\"https:\/\/www.facebook.com\/stilleab\/\",\"https:\/\/www.linkedin.com\/company\/stille-ab\/\",\"https:\/\/www.youtube.com\/channel\/UCpxmVroiwKKSXWe3ZCOrSqw\"],\"logo\":{\"@type\":\"ImageObject\",\"@id\":\"https:\/\/www.stille.se\/se\/#logo\",\"inLanguage\":\"sv-SE\",\"url\":\"https:\/\/www.stille.se\/se\/wp-content\/uploads\/2019\/12\/stille-logo-800.jpg\",\"contentUrl\":\"https:\/\/www.stille.se\/se\/wp-content\/uploads\/2019\/12\/stille-logo-800.jpg\",\"width\":562,\"height\":314,\"caption\":\"Stille AB\"},\"image\":{\"@id\":\"https:\/\/www.stille.se\/se\/#logo\"}},{\"@type\":\"WebSite\",\"@id\":\"https:\/\/www.stille.se\/se\/#website\",\"url\":\"https:\/\/www.stille.se\/se\/\",\"name\":\"Stille SE\",\"description\":\"\",\"publisher\":{\"@id\":\"https:\/\/www.stille.se\/se\/#organization\"},\"potentialAction\":[{\"@type\":\"SearchAction\",\"target\":{\"@type\":\"EntryPoint\",\"urlTemplate\":\"https:\/\/www.stille.se\/se\/?s={search_term_string}\"},\"query-input\":\"required name=search_term_string\"}],\"inLanguage\":\"sv-SE\"},{\"@type\":\"WebPage\",\"@id\":\"https:\/\/www.stille.se\/se\/mfn_news\/stille-ab-publ-redovisar-idag-rapporten-for-det-forsta-kvartalet-2026\/#webpage\",\"url\":\"https:\/\/www.stille.se\/se\/mfn_news\/stille-ab-publ-redovisar-idag-rapporten-for-det-forsta-kvartalet-2026\/\",\"name\":\"Stille AB (publ) redovisar idag rapporten f\\u00f6r det f\\u00f6rsta kvartalet 2026. - STILLE\",\"isPartOf\":{\"@id\":\"https:\/\/www.stille.se\/se\/#website\"},\"datePublished\":\"2026-04-24T06:00:00+00:00\",\"dateModified\":\"2026-04-24T06:00:00+00:00\",\"breadcrumb\":{\"@id\":\"https:\/\/www.stille.se\/se\/mfn_news\/stille-ab-publ-redovisar-idag-rapporten-for-det-forsta-kvartalet-2026\/#breadcrumb\"},\"inLanguage\":\"sv-SE\",\"potentialAction\":[{\"@type\":\"ReadAction\",\"target\":[\"https:\/\/www.stille.se\/se\/mfn_news\/stille-ab-publ-redovisar-idag-rapporten-for-det-forsta-kvartalet-2026\/\"]}]},{\"@type\":\"BreadcrumbList\",\"@id\":\"https:\/\/www.stille.se\/se\/mfn_news\/stille-ab-publ-redovisar-idag-rapporten-for-det-forsta-kvartalet-2026\/#breadcrumb\",\"itemListElement\":[{\"@type\":\"ListItem\",\"position\":1,\"name\":\"Hem\",\"item\":\"https:\/\/www.stille.se\/se\/\"},{\"@type\":\"ListItem\",\"position\":2,\"name\":\"Nyheter\",\"item\":\"https:\/\/www.stille.se\/se\/nyheter\/\"},{\"@type\":\"ListItem\",\"position\":3,\"name\":\"Stille AB (publ) redovisar idag rapporten f\\u00f6r det f\\u00f6rsta kvartalet 2026.\"}]}]}<\/script>\n<!-- \/ Yoast SEO plugin. -->","yoast_head_json":{"title":"Stille AB (publ) redovisar idag rapporten f\u00f6r det f\u00f6rsta kvartalet 2026. - STILLE","robots":{"index":"index","follow":"follow","max-snippet":"max-snippet:-1","max-image-preview":"max-image-preview:large","max-video-preview":"max-video-preview:-1"},"canonical":"https:\/\/www.stille.se\/se\/mfn_news\/stille-ab-publ-redovisar-idag-rapporten-for-det-forsta-kvartalet-2026\/","og_locale":"sv_SE","og_type":"article","og_title":"Stille AB (publ) redovisar idag rapporten f\u00f6r det f\u00f6rsta kvartalet 2026. - STILLE","og_description":"Nettooms\u00e4ttningen uppgick till 179,1 MSEK (129,3), vilket motsvarar en organisk tillv\u00e4xt om 18,6 procent (26,9 procent justerat f\u00f6r valutaomr\u00e4kningseffekter) och en total tillv\u00e4xt om 38,5 procent (46,9 procent justerat f\u00f6r valutaomr\u00e4kningseffekter). \u201dJag \u00e4r mycket n\u00f6jd med inledningen p\u00e5 2026 och v\u00e5r starka tillv\u00e4xt av s\u00e5v\u00e4l int\u00e4kter som l\u00f6nsamhet, s\u00e4ger Ulrik Berthelsen. Vi ser en fortsatt...","og_url":"https:\/\/www.stille.se\/se\/mfn_news\/stille-ab-publ-redovisar-idag-rapporten-for-det-forsta-kvartalet-2026\/","og_site_name":"Stille SE","article_publisher":"https:\/\/www.facebook.com\/stilleab\/","og_image":[{"width":562,"height":314,"url":"https:\/\/www.stille.se\/se\/wp-content\/uploads\/2019\/12\/stille-logo-800.jpg","type":"image\/jpeg"}],"twitter_card":"summary_large_image","twitter_misc":{"Ber\u00e4knad l\u00e4stid":"2 minuter"},"schema":{"@context":"https:\/\/schema.org","@graph":[{"@type":"Organization","@id":"https:\/\/www.stille.se\/se\/#organization","name":"Stille AB","url":"https:\/\/www.stille.se\/se\/","sameAs":["https:\/\/www.facebook.com\/stilleab\/","https:\/\/www.linkedin.com\/company\/stille-ab\/","https:\/\/www.youtube.com\/channel\/UCpxmVroiwKKSXWe3ZCOrSqw"],"logo":{"@type":"ImageObject","@id":"https:\/\/www.stille.se\/se\/#logo","inLanguage":"sv-SE","url":"https:\/\/www.stille.se\/se\/wp-content\/uploads\/2019\/12\/stille-logo-800.jpg","contentUrl":"https:\/\/www.stille.se\/se\/wp-content\/uploads\/2019\/12\/stille-logo-800.jpg","width":562,"height":314,"caption":"Stille AB"},"image":{"@id":"https:\/\/www.stille.se\/se\/#logo"}},{"@type":"WebSite","@id":"https:\/\/www.stille.se\/se\/#website","url":"https:\/\/www.stille.se\/se\/","name":"Stille SE","description":"","publisher":{"@id":"https:\/\/www.stille.se\/se\/#organization"},"potentialAction":[{"@type":"SearchAction","target":{"@type":"EntryPoint","urlTemplate":"https:\/\/www.stille.se\/se\/?s={search_term_string}"},"query-input":"required name=search_term_string"}],"inLanguage":"sv-SE"},{"@type":"WebPage","@id":"https:\/\/www.stille.se\/se\/mfn_news\/stille-ab-publ-redovisar-idag-rapporten-for-det-forsta-kvartalet-2026\/#webpage","url":"https:\/\/www.stille.se\/se\/mfn_news\/stille-ab-publ-redovisar-idag-rapporten-for-det-forsta-kvartalet-2026\/","name":"Stille AB (publ) redovisar idag rapporten f\u00f6r det f\u00f6rsta kvartalet 2026. - STILLE","isPartOf":{"@id":"https:\/\/www.stille.se\/se\/#website"},"datePublished":"2026-04-24T06:00:00+00:00","dateModified":"2026-04-24T06:00:00+00:00","breadcrumb":{"@id":"https:\/\/www.stille.se\/se\/mfn_news\/stille-ab-publ-redovisar-idag-rapporten-for-det-forsta-kvartalet-2026\/#breadcrumb"},"inLanguage":"sv-SE","potentialAction":[{"@type":"ReadAction","target":["https:\/\/www.stille.se\/se\/mfn_news\/stille-ab-publ-redovisar-idag-rapporten-for-det-forsta-kvartalet-2026\/"]}]},{"@type":"BreadcrumbList","@id":"https:\/\/www.stille.se\/se\/mfn_news\/stille-ab-publ-redovisar-idag-rapporten-for-det-forsta-kvartalet-2026\/#breadcrumb","itemListElement":[{"@type":"ListItem","position":1,"name":"Hem","item":"https:\/\/www.stille.se\/se\/"},{"@type":"ListItem","position":2,"name":"Nyheter","item":"https:\/\/www.stille.se\/se\/nyheter\/"},{"@type":"ListItem","position":3,"name":"Stille AB (publ) redovisar idag rapporten f\u00f6r det f\u00f6rsta kvartalet 2026."}]}]}},"_links":{"self":[{"href":"https:\/\/www.stille.se\/se\/wp-json\/wp\/v2\/mfn_news\/48504"}],"collection":[{"href":"https:\/\/www.stille.se\/se\/wp-json\/wp\/v2\/mfn_news"}],"about":[{"href":"https:\/\/www.stille.se\/se\/wp-json\/wp\/v2\/types\/mfn_news"}],"wp:attachment":[{"href":"https:\/\/www.stille.se\/se\/wp-json\/wp\/v2\/media?parent=48504"}],"curies":[{"name":"wp","href":"https:\/\/api.w.org\/{rel}","templated":true}]}}